{"id":949,"date":"2019-12-17T22:16:46","date_gmt":"2019-12-17T22:16:46","guid":{"rendered":"http:\/\/www.facturamelo.com\/blog\/?p=949"},"modified":"2019-12-17T22:16:46","modified_gmt":"2019-12-17T22:16:46","slug":"cancelacion-con-autorizacion-info-tecnica-timbrado","status":"publish","type":"post","link":"https:\/\/www.facturamelo.com\/blog\/cancelacion-con-autorizacion-info-tecnica-timbrado\/","title":{"rendered":"Cancelaci\u00f3n con Autorizaci\u00f3n &#8211; INFO t\u00e9cnica timbrado"},"content":{"rendered":"<p><iframe loading=\"lazy\" width=\"700\" height=\"400\" src=\"https:\/\/www.youtube.com\/embed\/ZvSEbq3DHHI\" frameborder=\"0\" allow=\"accelerometer; autoplay; encrypted-media; gyroscope; picture-in-picture\" allowfullscreen><\/iframe><\/p>\n<p>El nuevo proceso de cancelaci\u00f3n entra en vigor el 1 de noviembre de 2018. Al momento de cancelar, se tendr\u00e1 que solicitar aprobaci\u00f3n para cancelar el CFDI, \u00e9sta aprobaci\u00f3n o rechazo se tiene que enviar a trav\u00e9s del buz\u00f3n tributario, sin embargo tambi\u00e9n contamos con un webservice en donde se puede consultar y responder dichas solicitudes. <\/p>\n<p>Esto es un trabajo en conjunto, tanto emisor como receptor deben de estar alertas, con la finalidad de que no se cancele un CFDI incorrectamente, ya que tiene implicaciones administrativas y contables. En la grabaci\u00f3n del webinar que se llev\u00f3 a cabo el 27 de septiembre de 2018, explicamos de manera t\u00e9cnica c\u00f3mo se realiza el proceso.<\/p>\n<p>Esperamos que esta informaci\u00f3n haya sido de ayuda, le proporcionamos nuestro contacto de <strong>Whatsapp (612)1529511<\/strong> donde atendemos cualquier duda relacionada con facturaci\u00f3n electr\u00f3nica y contabilidad en menos de 5 minutos, saludos cordiales.<\/p>\n<p><a href=\"https:\/\/i0.wp.com\/www.facturamelo.com\/blog\/wp-content\/uploads\/2019\/04\/index_fact_logo_info.png\"><img data-recalc-dims=\"1\" loading=\"lazy\" decoding=\"async\" class=\"alignnone wp-image-322 size-full\" src=\"https:\/\/i0.wp.com\/www.facturamelo.com\/blog\/wp-content\/uploads\/2019\/04\/index_fact_logo_info.png?resize=400%2C202\" alt=\"\" width=\"400\" height=\"202\" srcset=\"https:\/\/i0.wp.com\/www.facturamelo.com\/blog\/wp-content\/uploads\/2019\/04\/index_fact_logo_info.png?w=400&amp;ssl=1 400w, https:\/\/i0.wp.com\/www.facturamelo.com\/blog\/wp-content\/uploads\/2019\/04\/index_fact_logo_info.png?resize=300%2C152&amp;ssl=1 300w\" sizes=\"auto, (max-width: 400px) 100vw, 400px\" \/><\/a><\/p>\n<p><b>Recuerda que dentro de tu plataforma los planes son mas caros y no recibes folios de regalo, puedes ver nuestras promociones en el siguiente link <\/b><a href=\"https:\/\/www.facturamelo.com\/planes.html\" target=\"_blank\" rel=\"noopener noreferrer\">https:\/\/www.facturamelo.com\/planes.html<\/a><\/p>\n<p><strong>S\u00cdGUENOS EN FACEBOOK<\/strong><br \/>\n<a href=\"https:\/\/www.facebook.com\/facturameloBCS\/\" target=\"_blank\" rel=\"noopener noreferrer\">https:\/\/www.facebook.com\/facturameloBCS\/<\/a><ins datetime=\"2019-09-11T18:43:12+00:00\"><\/ins><\/p>\n","protected":false},"excerpt":{"rendered":"<div class=\"mh-excerpt\"><p>El nuevo proceso de cancelaci\u00f3n entra en vigor el 1 de noviembre de 2018. Al momento de cancelar, se tendr\u00e1 que solicitar aprobaci\u00f3n para cancelar el CFDI, \u00e9sta aprobaci\u00f3n o rechazo se tiene que enviar <a class=\"mh-excerpt-more\" href=\"https:\/\/www.facturamelo.com\/blog\/cancelacion-con-autorizacion-info-tecnica-timbrado\/\" title=\"Cancelaci\u00f3n con Autorizaci\u00f3n &#8211; INFO t\u00e9cnica timbrado\">[&#8230;]<\/a><\/p>\n<\/div>","protected":false},"author":3,"featured_media":950,"comment_status":"open","ping_status":"closed","sticky":false,"template":"","format":"standard","meta":{"_jetpack_memberships_contains_paid_content":false,"footnotes":""},"categories":[7],"tags":[308,82,88,175,309],"class_list":["post-949","post","type-post","status-publish","format-standard","has-post-thumbnail","hentry","category-emision-cfdis-version-3-3","tag-cancelacion-con-autorizacion-info-tecnica-timbrado","tag-cfdi-3-3","tag-facturacion-electronica-la-paz-bcs","tag-timbres-fiscales-la-paz-bcs","tag-venta-de-folios-facturacion"],"aioseo_notices":[],"jetpack_featured_media_url":"https:\/\/i0.wp.com\/www.facturamelo.com\/blog\/wp-content\/uploads\/2019\/12\/Miniatura.png?fit=720%2C405&ssl=1","jetpack_sharing_enabled":true,"_links":{"self":[{"href":"https:\/\/www.facturamelo.com\/blog\/wp-json\/wp\/v2\/posts\/949","targetHints":{"allow":["GET"]}}],"collection":[{"href":"https:\/\/www.facturamelo.com\/blog\/wp-json\/wp\/v2\/posts"}],"about":[{"href":"https:\/\/www.facturamelo.com\/blog\/wp-json\/wp\/v2\/types\/post"}],"author":[{"embeddable":true,"href":"https:\/\/www.facturamelo.com\/blog\/wp-json\/wp\/v2\/users\/3"}],"replies":[{"embeddable":true,"href":"https:\/\/www.facturamelo.com\/blog\/wp-json\/wp\/v2\/comments?post=949"}],"version-history":[{"count":1,"href":"https:\/\/www.facturamelo.com\/blog\/wp-json\/wp\/v2\/posts\/949\/revisions"}],"predecessor-version":[{"id":951,"href":"https:\/\/www.facturamelo.com\/blog\/wp-json\/wp\/v2\/posts\/949\/revisions\/951"}],"wp:featuredmedia":[{"embeddable":true,"href":"https:\/\/www.facturamelo.com\/blog\/wp-json\/wp\/v2\/media\/950"}],"wp:attachment":[{"href":"https:\/\/www.facturamelo.com\/blog\/wp-json\/wp\/v2\/media?parent=949"}],"wp:term":[{"taxonomy":"category","embeddable":true,"href":"https:\/\/www.facturamelo.com\/blog\/wp-json\/wp\/v2\/categories?post=949"},{"taxonomy":"post_tag","embeddable":true,"href":"https:\/\/www.facturamelo.com\/blog\/wp-json\/wp\/v2\/tags?post=949"}],"curies":[{"name":"wp","href":"https:\/\/api.w.org\/{rel}","templated":true}]}}