{"id":929,"date":"2019-12-12T00:23:16","date_gmt":"2019-12-12T00:23:16","guid":{"rendered":"http:\/\/www.facturamelo.com\/blog\/?p=929"},"modified":"2019-12-12T00:23:16","modified_gmt":"2019-12-12T00:23:16","slug":"como-hacer-una-factura-global-o-publico-en-general-con-cfdi-3-3","status":"publish","type":"post","link":"https:\/\/www.facturamelo.com\/blog\/como-hacer-una-factura-global-o-publico-en-general-con-cfdi-3-3\/","title":{"rendered":"C\u00f3mo hacer una Factura Global o P\u00fablico en General con CFDI 3.3"},"content":{"rendered":"<p>Dentro de las gu\u00edas de llenado el SAT ha indicado la informaci\u00f3n que debemos de registrar en cada uno de los datos para la factura global, as\u00ed realizaremos los CFDI 3.3 de manera correcta.<\/p>\n<p><iframe loading=\"lazy\" width=\"700\" height=\"400\" src=\"https:\/\/www.youtube.com\/embed\/3QBD4S-NUbw\" frameborder=\"0\" allow=\"accelerometer; autoplay; encrypted-media; gyroscope; picture-in-picture\" allowfullscreen><\/iframe><\/p>\n<p>Esperamos que esta informaci\u00f3n haya sido de ayuda, le proporcionamos nuestro contacto de <strong>Whatsapp (612)1529511<\/strong> donde atendemos cualquier duda relacionada con facturaci\u00f3n electr\u00f3nica y contabilidad en menos de 5 minutos, saludos cordiales.<\/p>\n<p><a href=\"https:\/\/i0.wp.com\/www.facturamelo.com\/blog\/wp-content\/uploads\/2019\/04\/index_fact_logo_info.png\"><img data-recalc-dims=\"1\" loading=\"lazy\" decoding=\"async\" class=\"alignnone wp-image-322 size-full\" src=\"https:\/\/i0.wp.com\/www.facturamelo.com\/blog\/wp-content\/uploads\/2019\/04\/index_fact_logo_info.png?resize=400%2C202\" alt=\"\" width=\"400\" height=\"202\" srcset=\"https:\/\/i0.wp.com\/www.facturamelo.com\/blog\/wp-content\/uploads\/2019\/04\/index_fact_logo_info.png?w=400&amp;ssl=1 400w, https:\/\/i0.wp.com\/www.facturamelo.com\/blog\/wp-content\/uploads\/2019\/04\/index_fact_logo_info.png?resize=300%2C152&amp;ssl=1 300w\" sizes=\"auto, (max-width: 400px) 100vw, 400px\" \/><\/a><\/p>\n<p><b>Recuerda que dentro de tu plataforma los planes son mas caros y no recibes folios de regalo, puedes ver nuestras promociones en el siguiente link <\/b><a href=\"https:\/\/www.facturamelo.com\/planes.html\" target=\"_blank\" rel=\"noopener noreferrer\">https:\/\/www.facturamelo.com\/planes.html<\/a><\/p>\n<p><strong>S\u00cdGUENOS EN FACEBOOK<\/strong><br \/>\n<a href=\"https:\/\/www.facebook.com\/facturameloBCS\/\" target=\"_blank\" rel=\"noopener noreferrer\">https:\/\/www.facebook.com\/facturameloBCS\/<\/a><ins datetime=\"2019-09-11T18:43:12+00:00\"><\/ins><\/p>\n","protected":false},"excerpt":{"rendered":"<div class=\"mh-excerpt\"><p>Dentro de las gu\u00edas de llenado el SAT ha indicado la informaci\u00f3n que debemos de registrar en cada uno de los datos para la factura global, as\u00ed realizaremos los CFDI 3.3 de manera correcta. Esperamos <a class=\"mh-excerpt-more\" href=\"https:\/\/www.facturamelo.com\/blog\/como-hacer-una-factura-global-o-publico-en-general-con-cfdi-3-3\/\" title=\"C\u00f3mo hacer una Factura Global o P\u00fablico en General con CFDI 3.3\">[&#8230;]<\/a><\/p>\n<\/div>","protected":false},"author":3,"featured_media":930,"comment_status":"open","ping_status":"closed","sticky":false,"template":"","format":"standard","meta":{"_jetpack_memberships_contains_paid_content":false,"footnotes":""},"categories":[11,7],"tags":[300,299],"class_list":["post-929","post","type-post","status-publish","format-standard","has-post-thumbnail","hentry","category-contabilidad","category-emision-cfdis-version-3-3","tag-asi-realizaremos-los-cfdi-3-3-de-manera-correcta","tag-dentro-de-las-guias-de-llenado-el-sat-ha-indicado-la-informacion-que-debemos-de-registrar-en-cada-uno-de-los-datos-para-la-factura-global"],"aioseo_notices":[],"jetpack_featured_media_url":"https:\/\/i0.wp.com\/www.facturamelo.com\/blog\/wp-content\/uploads\/2019\/12\/00-MIniatura-factura-global.png?fit=720%2C405&ssl=1","jetpack_sharing_enabled":true,"_links":{"self":[{"href":"https:\/\/www.facturamelo.com\/blog\/wp-json\/wp\/v2\/posts\/929","targetHints":{"allow":["GET"]}}],"collection":[{"href":"https:\/\/www.facturamelo.com\/blog\/wp-json\/wp\/v2\/posts"}],"about":[{"href":"https:\/\/www.facturamelo.com\/blog\/wp-json\/wp\/v2\/types\/post"}],"author":[{"embeddable":true,"href":"https:\/\/www.facturamelo.com\/blog\/wp-json\/wp\/v2\/users\/3"}],"replies":[{"embeddable":true,"href":"https:\/\/www.facturamelo.com\/blog\/wp-json\/wp\/v2\/comments?post=929"}],"version-history":[{"count":1,"href":"https:\/\/www.facturamelo.com\/blog\/wp-json\/wp\/v2\/posts\/929\/revisions"}],"predecessor-version":[{"id":931,"href":"https:\/\/www.facturamelo.com\/blog\/wp-json\/wp\/v2\/posts\/929\/revisions\/931"}],"wp:featuredmedia":[{"embeddable":true,"href":"https:\/\/www.facturamelo.com\/blog\/wp-json\/wp\/v2\/media\/930"}],"wp:attachment":[{"href":"https:\/\/www.facturamelo.com\/blog\/wp-json\/wp\/v2\/media?parent=929"}],"wp:term":[{"taxonomy":"category","embeddable":true,"href":"https:\/\/www.facturamelo.com\/blog\/wp-json\/wp\/v2\/categories?post=929"},{"taxonomy":"post_tag","embeddable":true,"href":"https:\/\/www.facturamelo.com\/blog\/wp-json\/wp\/v2\/tags?post=929"}],"curies":[{"name":"wp","href":"https:\/\/api.w.org\/{rel}","templated":true}]}}