{"id":772,"date":"2019-11-09T19:22:17","date_gmt":"2019-11-09T19:22:17","guid":{"rendered":"http:\/\/www.facturamelo.com\/blog\/?p=772"},"modified":"2019-11-09T19:22:17","modified_gmt":"2019-11-09T19:22:17","slug":"cambio-en-el-inicio-de-vigencia-de-los-cambios-a-los-cfdi-del-sat","status":"publish","type":"post","link":"https:\/\/www.facturamelo.com\/blog\/cambio-en-el-inicio-de-vigencia-de-los-cambios-a-los-cfdi-del-sat\/","title":{"rendered":"Cambio en el inicio de vigencia de los cambios a los CFDI del SAT"},"content":{"rendered":"<p><a href=\"https:\/\/i0.wp.com\/www.facturamelo.com\/blog\/wp-content\/uploads\/2019\/11\/Cambio-en-el-inicio-de-vigencia-de-los-cambios-a-los-CFDI-del-SAT.png\"><img data-recalc-dims=\"1\" loading=\"lazy\" decoding=\"async\" src=\"https:\/\/i0.wp.com\/www.facturamelo.com\/blog\/wp-content\/uploads\/2019\/11\/Cambio-en-el-inicio-de-vigencia-de-los-cambios-a-los-CFDI-del-SAT.png?resize=720%2C405\" alt=\"Cambio en el inicio de vigencia de los cambios a los CFDI del SAT\" width=\"720\" height=\"405\" class=\"alignnone size-full wp-image-773\" srcset=\"https:\/\/i0.wp.com\/www.facturamelo.com\/blog\/wp-content\/uploads\/2019\/11\/Cambio-en-el-inicio-de-vigencia-de-los-cambios-a-los-CFDI-del-SAT.png?w=720&amp;ssl=1 720w, https:\/\/i0.wp.com\/www.facturamelo.com\/blog\/wp-content\/uploads\/2019\/11\/Cambio-en-el-inicio-de-vigencia-de-los-cambios-a-los-CFDI-del-SAT.png?resize=300%2C169&amp;ssl=1 300w, https:\/\/i0.wp.com\/www.facturamelo.com\/blog\/wp-content\/uploads\/2019\/11\/Cambio-en-el-inicio-de-vigencia-de-los-cambios-a-los-CFDI-del-SAT.png?resize=678%2C381&amp;ssl=1 678w\" sizes=\"auto, (max-width: 720px) 100vw, 720px\" \/><\/a><\/p>\n<p>La modificaci\u00f3n a los cat\u00e1logos que se utilizan para la emisi\u00f3n de los Comprobantes Fiscales Digitales por Internet conlleva a que el contribuyente se adapte a los requerimientos del SAT, anteriormente se manejaba un periodo de 3 meses para que el contribuyente pudiera realizar las implementaciones en su sistema de facturaci\u00f3n.<br \/>\nAs\u00ed se mantiene en el caso de los cambios en el cat\u00e1logo para le emisi\u00f3n de los CFDI de n\u00f3mina con el complemento 1.2.<\/p>\n<p><a href=\"https:\/\/i0.wp.com\/www.facturamelo.com\/blog\/wp-content\/uploads\/2019\/11\/01.png\"><img data-recalc-dims=\"1\" loading=\"lazy\" decoding=\"async\" class=\"alignnone size-full wp-image-774\" src=\"https:\/\/i0.wp.com\/www.facturamelo.com\/blog\/wp-content\/uploads\/2019\/11\/01.png?resize=700%2C192\" alt=\"\" width=\"700\" height=\"192\" srcset=\"https:\/\/i0.wp.com\/www.facturamelo.com\/blog\/wp-content\/uploads\/2019\/11\/01.png?w=700&amp;ssl=1 700w, https:\/\/i0.wp.com\/www.facturamelo.com\/blog\/wp-content\/uploads\/2019\/11\/01.png?resize=300%2C82&amp;ssl=1 300w\" sizes=\"auto, (max-width: 700px) 100vw, 700px\" \/><\/a><\/p>\n<p>No hay que descartar que esto cambie m\u00e1s adelante.<\/p>\n<h2>Inicio y fin de vigencia en claves del cat\u00e1logo del CFDI (Anexo 20)<\/h2>\n<p>Pero en lo que respecta a la facturaci\u00f3n electr\u00f3nica, ser\u00e1 necesario que tanto Contribuyentes, PAC\u00b4s y desarrolladores de software de facturaci\u00f3n, est\u00e9n atentos a los cambios en los diferentes cat\u00e1logos del CFDI, ya que si se realiza alguna actualizaci\u00f3n se tendr\u00e1 que considerar que la fecha de inicio y fin de vigencia puede aplicarse a partir del d\u00eda de su publicaci\u00f3n en la p\u00e1gina del SAT.<\/p>\n<p><a href=\"https:\/\/i0.wp.com\/www.facturamelo.com\/blog\/wp-content\/uploads\/2019\/11\/02.png\"><img data-recalc-dims=\"1\" loading=\"lazy\" decoding=\"async\" src=\"https:\/\/i0.wp.com\/www.facturamelo.com\/blog\/wp-content\/uploads\/2019\/11\/02.png?resize=700%2C172\" alt=\"\" width=\"700\" height=\"172\" class=\"alignnone size-full wp-image-775\" srcset=\"https:\/\/i0.wp.com\/www.facturamelo.com\/blog\/wp-content\/uploads\/2019\/11\/02.png?w=700&amp;ssl=1 700w, https:\/\/i0.wp.com\/www.facturamelo.com\/blog\/wp-content\/uploads\/2019\/11\/02.png?resize=300%2C74&amp;ssl=1 300w\" sizes=\"auto, (max-width: 700px) 100vw, 700px\" \/><\/a><\/p>\n<p>Esto afectar\u00eda a los emisores de CFDI al no contar con menos tiempo para realizar las correcciones al cat\u00e1logo del CFDI.<\/p>\n<h2>Comentario final<\/h2>\n<p>Por lo regular cuando el SAT da a conocer las modificaciones a los cat\u00e1logos para la emisi\u00f3n de los CFDI, ponen como fecha de inicio de vigencia el mismo d\u00eda de su publicaci\u00f3n, salvo algunas ocasiones, por lo que esperamos que en dichas modificaciones se contemplen m\u00e1s d\u00edas para su implementaci\u00f3n.<\/p>\n<p>Esperamos que esta informaci\u00f3n haya sido de ayuda, le proporcionamos nuestro contacto de <strong>Whatsapp (612)1529511<\/strong> donde atendemos cualquier duda relacionada con facturaci\u00f3n electr\u00f3nica y contabilidad en menos de 5 minutos, saludos cordiales.<\/p>\n<p><a href=\"https:\/\/i0.wp.com\/www.facturamelo.com\/blog\/wp-content\/uploads\/2019\/04\/index_fact_logo_info.png\"><img data-recalc-dims=\"1\" loading=\"lazy\" decoding=\"async\" class=\"alignnone wp-image-322 size-full\" src=\"https:\/\/i0.wp.com\/www.facturamelo.com\/blog\/wp-content\/uploads\/2019\/04\/index_fact_logo_info.png?resize=400%2C202\" alt=\"\" width=\"400\" height=\"202\" srcset=\"https:\/\/i0.wp.com\/www.facturamelo.com\/blog\/wp-content\/uploads\/2019\/04\/index_fact_logo_info.png?w=400&amp;ssl=1 400w, https:\/\/i0.wp.com\/www.facturamelo.com\/blog\/wp-content\/uploads\/2019\/04\/index_fact_logo_info.png?resize=300%2C152&amp;ssl=1 300w\" sizes=\"auto, (max-width: 400px) 100vw, 400px\" \/><\/a><\/p>\n<p><b>Recuerda que dentro de tu plataforma los planes son mas caros y no recibes folios de regalo, puedes ver nuestras promociones en el siguiente link <\/b><a href=\"https:\/\/www.facturamelo.com\/planes.html\" target=\"_blank\" rel=\"noopener noreferrer\">https:\/\/www.facturamelo.com\/planes.html<\/a><\/p>\n<p><strong>S\u00cdGUENOS EN FACEBOOK<\/strong><br \/>\n<a href=\"https:\/\/www.facebook.com\/facturameloBCS\/\" target=\"_blank\" rel=\"noopener noreferrer\">https:\/\/www.facebook.com\/facturameloBCS\/<\/a><ins datetime=\"2019-09-11T18:43:12+00:00\"><\/ins><\/p>\n","protected":false},"excerpt":{"rendered":"<div class=\"mh-excerpt\"><p>La modificaci\u00f3n a los cat\u00e1logos que se utilizan para la emisi\u00f3n de los Comprobantes Fiscales Digitales por Internet conlleva a que el contribuyente se adapte a los requerimientos del SAT, anteriormente se manejaba un periodo <a class=\"mh-excerpt-more\" href=\"https:\/\/www.facturamelo.com\/blog\/cambio-en-el-inicio-de-vigencia-de-los-cambios-a-los-cfdi-del-sat\/\" title=\"Cambio en el inicio de vigencia de los cambios a los CFDI del SAT\">[&#8230;]<\/a><\/p>\n<\/div>","protected":false},"author":3,"featured_media":773,"comment_status":"open","ping_status":"closed","sticky":false,"template":"","format":"standard","meta":{"_jetpack_memberships_contains_paid_content":false,"footnotes":""},"categories":[7],"tags":[251,177,193,88,178],"class_list":["post-772","post","type-post","status-publish","format-standard","has-post-thumbnail","hentry","category-emision-cfdis-version-3-3","tag-cambio-en-el-inicio-de-vigencia-de-los-cambios-a-los-cfdi-del-sat","tag-conoce-tus-obligaciones-en-el-regimen-de-incorporacion-fiscal","tag-emision-cfdi-sat-3-3","tag-facturacion-electronica-la-paz-bcs","tag-timbres-fiscales"],"aioseo_notices":[],"jetpack_featured_media_url":"https:\/\/i0.wp.com\/www.facturamelo.com\/blog\/wp-content\/uploads\/2019\/11\/Cambio-en-el-inicio-de-vigencia-de-los-cambios-a-los-CFDI-del-SAT.png?fit=720%2C405&ssl=1","jetpack_sharing_enabled":true,"_links":{"self":[{"href":"https:\/\/www.facturamelo.com\/blog\/wp-json\/wp\/v2\/posts\/772","targetHints":{"allow":["GET"]}}],"collection":[{"href":"https:\/\/www.facturamelo.com\/blog\/wp-json\/wp\/v2\/posts"}],"about":[{"href":"https:\/\/www.facturamelo.com\/blog\/wp-json\/wp\/v2\/types\/post"}],"author":[{"embeddable":true,"href":"https:\/\/www.facturamelo.com\/blog\/wp-json\/wp\/v2\/users\/3"}],"replies":[{"embeddable":true,"href":"https:\/\/www.facturamelo.com\/blog\/wp-json\/wp\/v2\/comments?post=772"}],"version-history":[{"count":1,"href":"https:\/\/www.facturamelo.com\/blog\/wp-json\/wp\/v2\/posts\/772\/revisions"}],"predecessor-version":[{"id":776,"href":"https:\/\/www.facturamelo.com\/blog\/wp-json\/wp\/v2\/posts\/772\/revisions\/776"}],"wp:featuredmedia":[{"embeddable":true,"href":"https:\/\/www.facturamelo.com\/blog\/wp-json\/wp\/v2\/media\/773"}],"wp:attachment":[{"href":"https:\/\/www.facturamelo.com\/blog\/wp-json\/wp\/v2\/media?parent=772"}],"wp:term":[{"taxonomy":"category","embeddable":true,"href":"https:\/\/www.facturamelo.com\/blog\/wp-json\/wp\/v2\/categories?post=772"},{"taxonomy":"post_tag","embeddable":true,"href":"https:\/\/www.facturamelo.com\/blog\/wp-json\/wp\/v2\/tags?post=772"}],"curies":[{"name":"wp","href":"https:\/\/api.w.org\/{rel}","templated":true}]}}