{"id":743,"date":"2019-11-01T22:28:23","date_gmt":"2019-11-01T22:28:23","guid":{"rendered":"http:\/\/www.facturamelo.com\/blog\/?p=743"},"modified":"2019-11-01T22:28:23","modified_gmt":"2019-11-01T22:28:23","slug":"complemento-de-vehiculos-usados-conoce-el-complemento-de-vehiculo-usado","status":"publish","type":"post","link":"https:\/\/www.facturamelo.com\/blog\/complemento-de-vehiculos-usados-conoce-el-complemento-de-vehiculo-usado\/","title":{"rendered":"Complemento de veh\u00edculos usados. Conoce el complemento de veh\u00edculo usado."},"content":{"rendered":"<p>\nSi realizas venta de veh\u00edculos nuevos a personas f\u00edsicas que no pertenezcan al R\u00e9gimen de Actividad Empresarial y Profesional o R\u00e9gimen de Incorporaci\u00f3n Fiscal puedes incorporar de manera opcional a tu factura, el complemento de veh\u00edculo usado, ya que te permite incluir la informaci\u00f3n de la venta de auto nuevo siempre que a cambio recibas un auto usado y dinero.<\/p>\n<p>En Contenidos Relacionados encontrar\u00e1s los links a:<\/p>\n<p>        Esquema XSD<br \/>\n        Utiler\u00eda XSLT<br \/>\n        Est\u00e1ndar del complemento<\/p>\n<p><strong>\u00bfQu\u00e9 es un complemento de factura?<\/strong><br \/>\nEs informaci\u00f3n adicional para las Facturas.<\/p>\n<p><strong>\u00bfPara que sirve el complemento de veh\u00edculo usado?<\/strong><br \/>\nEste complemento es opcional, permite incorporar informaci\u00f3n a los contribuyentes que realizan operaciones de enajenaci\u00f3n de veh\u00edculos nuevos y que a cambio reciben un auto usado o nuevo.<\/p>\n<p><strong>\u00bfEs obligatorio incorporar el complemento de veh\u00edculo usado a la factura?<\/strong><br \/>\nNo, este complemento en la factura es opcional, brinda la facilidad de adoptarlo a quienes realizan operaciones de enajenaci\u00f3n de veh\u00edculos nuevos y que a cambio reciben un auto usado o nuevo.<\/p>\n<p>Esperamos que esta informaci\u00f3n haya sido de ayuda, le proporcionamos nuestro contacto de <strong>Whatsapp (612)1529511<\/strong> donde atendemos cualquier duda relacionada con facturaci\u00f3n electr\u00f3nica y contabilidad en menos de 5 minutos, saludos cordiales.<\/p>\n<p><a href=\"https:\/\/i0.wp.com\/www.facturamelo.com\/blog\/wp-content\/uploads\/2019\/04\/index_fact_logo_info.png\"><img data-recalc-dims=\"1\" loading=\"lazy\" decoding=\"async\" class=\"alignnone wp-image-322 size-full\" src=\"https:\/\/i0.wp.com\/www.facturamelo.com\/blog\/wp-content\/uploads\/2019\/04\/index_fact_logo_info.png?resize=400%2C202\" alt=\"\" width=\"400\" height=\"202\" srcset=\"https:\/\/i0.wp.com\/www.facturamelo.com\/blog\/wp-content\/uploads\/2019\/04\/index_fact_logo_info.png?w=400&amp;ssl=1 400w, https:\/\/i0.wp.com\/www.facturamelo.com\/blog\/wp-content\/uploads\/2019\/04\/index_fact_logo_info.png?resize=300%2C152&amp;ssl=1 300w\" sizes=\"auto, (max-width: 400px) 100vw, 400px\" \/><\/a><\/p>\n<p><b>Recuerda que dentro de tu plataforma los planes son mas caros y no recibes folios de regalo, puedes ver nuestras promociones en el siguiente link <\/b><a href=\"https:\/\/www.facturamelo.com\/planes.html\" target=\"_blank\" rel=\"noopener noreferrer\">https:\/\/www.facturamelo.com\/planes.html<\/a><\/p>\n<p><strong>S\u00cdGUENOS EN FACEBOOK<\/strong><br \/>\n<a href=\"https:\/\/www.facebook.com\/facturameloBCS\/\" target=\"_blank\" rel=\"noopener noreferrer\">https:\/\/www.facebook.com\/facturameloBCS\/<\/a><ins datetime=\"2019-09-11T18:43:12+00:00\"><\/ins><\/p>\n","protected":false},"excerpt":{"rendered":"<div class=\"mh-excerpt\"><p>Si realizas venta de veh\u00edculos nuevos a personas f\u00edsicas que no pertenezcan al R\u00e9gimen de Actividad Empresarial y Profesional o R\u00e9gimen de Incorporaci\u00f3n Fiscal puedes incorporar de manera opcional a tu factura, el complemento de <a class=\"mh-excerpt-more\" href=\"https:\/\/www.facturamelo.com\/blog\/complemento-de-vehiculos-usados-conoce-el-complemento-de-vehiculo-usado\/\" title=\"Complemento de veh\u00edculos usados. Conoce el complemento de veh\u00edculo usado.\">[&#8230;]<\/a><\/p>\n<\/div>","protected":false},"author":3,"featured_media":744,"comment_status":"open","ping_status":"closed","sticky":false,"template":"","format":"standard","meta":{"_jetpack_memberships_contains_paid_content":false,"footnotes":""},"categories":[7],"tags":[234],"class_list":["post-743","post","type-post","status-publish","format-standard","has-post-thumbnail","hentry","category-emision-cfdis-version-3-3","tag-complemento-de-vehiculos-usados"],"aioseo_notices":[],"jetpack_featured_media_url":"https:\/\/i0.wp.com\/www.facturamelo.com\/blog\/wp-content\/uploads\/2019\/11\/Complemento-de-veh%C3%ADculos-usados.png?fit=720%2C405&ssl=1","jetpack_sharing_enabled":true,"_links":{"self":[{"href":"https:\/\/www.facturamelo.com\/blog\/wp-json\/wp\/v2\/posts\/743","targetHints":{"allow":["GET"]}}],"collection":[{"href":"https:\/\/www.facturamelo.com\/blog\/wp-json\/wp\/v2\/posts"}],"about":[{"href":"https:\/\/www.facturamelo.com\/blog\/wp-json\/wp\/v2\/types\/post"}],"author":[{"embeddable":true,"href":"https:\/\/www.facturamelo.com\/blog\/wp-json\/wp\/v2\/users\/3"}],"replies":[{"embeddable":true,"href":"https:\/\/www.facturamelo.com\/blog\/wp-json\/wp\/v2\/comments?post=743"}],"version-history":[{"count":1,"href":"https:\/\/www.facturamelo.com\/blog\/wp-json\/wp\/v2\/posts\/743\/revisions"}],"predecessor-version":[{"id":745,"href":"https:\/\/www.facturamelo.com\/blog\/wp-json\/wp\/v2\/posts\/743\/revisions\/745"}],"wp:featuredmedia":[{"embeddable":true,"href":"https:\/\/www.facturamelo.com\/blog\/wp-json\/wp\/v2\/media\/744"}],"wp:attachment":[{"href":"https:\/\/www.facturamelo.com\/blog\/wp-json\/wp\/v2\/media?parent=743"}],"wp:term":[{"taxonomy":"category","embeddable":true,"href":"https:\/\/www.facturamelo.com\/blog\/wp-json\/wp\/v2\/categories?post=743"},{"taxonomy":"post_tag","embeddable":true,"href":"https:\/\/www.facturamelo.com\/blog\/wp-json\/wp\/v2\/tags?post=743"}],"curies":[{"name":"wp","href":"https:\/\/api.w.org\/{rel}","templated":true}]}}