{"id":1092,"date":"2020-03-03T19:01:51","date_gmt":"2020-03-03T19:01:51","guid":{"rendered":"http:\/\/www.facturamelo.com\/blog\/?p=1092"},"modified":"2020-03-03T19:07:39","modified_gmt":"2020-03-03T19:07:39","slug":"recibo-de-nomina-2020","status":"publish","type":"post","link":"https:\/\/www.facturamelo.com\/blog\/recibo-de-nomina-2020\/","title":{"rendered":"C\u00f3mo hacer un RECIBO DE N\u00d3MINA 1.2 en este a\u00f1o 2020"},"content":{"rendered":"<p><a href=\"https:\/\/i0.wp.com\/www.facturamelo.com\/blog\/wp-content\/uploads\/2020\/03\/30-como-hacer-un-recibo-de-nomina-2020.png\"><img data-recalc-dims=\"1\" loading=\"lazy\" decoding=\"async\" class=\"alignnone size-full wp-image-1093\" src=\"https:\/\/i0.wp.com\/www.facturamelo.com\/blog\/wp-content\/uploads\/2020\/03\/30-como-hacer-un-recibo-de-nomina-2020.png?resize=720%2C405\" alt=\"C\u00f3mo hacer un RECIBO DE N\u00d3MINA 1.2 en este a\u00f1o 2020\" width=\"720\" height=\"405\" srcset=\"https:\/\/i0.wp.com\/www.facturamelo.com\/blog\/wp-content\/uploads\/2020\/03\/30-como-hacer-un-recibo-de-nomina-2020.png?w=720&amp;ssl=1 720w, https:\/\/i0.wp.com\/www.facturamelo.com\/blog\/wp-content\/uploads\/2020\/03\/30-como-hacer-un-recibo-de-nomina-2020.png?resize=300%2C169&amp;ssl=1 300w, https:\/\/i0.wp.com\/www.facturamelo.com\/blog\/wp-content\/uploads\/2020\/03\/30-como-hacer-un-recibo-de-nomina-2020.png?resize=678%2C381&amp;ssl=1 678w\" sizes=\"auto, (max-width: 720px) 100vw, 720px\" \/><\/a><\/p>\n<p>A partir de este mes de febrero, los cambios hechos por el Servicio de Administraci\u00f3n Tributaria (SAT) respecto al complemento de n\u00f3mina ser\u00e1n de car\u00e1cter obligatorio, no si bien entraron en vigor de manera opcional desde el primer d\u00eda de enero de 2020.<\/p>\n<p>Se trata de una serie de modificaciones que impactar\u00e1n en particular a las validaciones que hacen los proveedores autorizados de certificaci\u00f3n (PAC) de comprobantes fiscales digitales por internet (CFDI), con lo que, entre una de las reformas, se anula el Ap\u00e9ndice 5 \u201cProcedimiento para el registro de Subsidio para el empleo causado, cuando no se entreg\u00f3 en efectivo\u201d de la \u201cGu\u00eda de llenado del comprobante del recibo de pago de n\u00f3mina y su complemento\u201d.<\/p>\n<p>As\u00ed, estas alteraciones han sido catalogadas como \u201crevisi\u00f3n B\u201d, aunque debido a que en lo general la estructura t\u00e9cnica del complemento de n\u00f3mina permanece tal cual como desde 2017, seguir\u00e1 vigente la versi\u00f3n 1.2.<\/p>\n<p>En resumen, la manera de hacer un recibo de n\u00f3mina sigue siendo la misma que en los tres ejercicios fiscales pasados, con la salvedad de algunas distinciones en la forma de registrar los subsidios para el empleo. Los puntos m\u00e1s destacados en cuanto a esto son:<\/p>\n<ul>\n<li>Todos los recibos de n\u00f3mina por concepto de sueldos conforme al r\u00e9gimen de contrataci\u00f3n \u201c02\u201d \u2013que contempla los asimilados a salarios incluidos en la fracci\u00f3n I del art\u00edculo 94 de la Ley del Impuesto Sobre la Renta (LISR)\u2014 deber\u00e1n contener el apartado de subsidio para el empleo, a\u00fan cuando el valor de \u00e9ste sea de cero.<\/li>\n<li>Los subsidios no aplicar\u00e1n para aquellos recibos de n\u00f3mina que no correspondan al r\u00e9gimen de contrataci\u00f3n \u201c02-Sueldos\u201d, como es el caso de jubilados y pensionados, asimilados por honorarios, integrantes de asociaciones, civiles, comisionistas, etc\u00e9tera. Para saber m\u00e1s al respecto de c\u00f3mo hacer el comprobante para ellos, se recomienda consultar el Ap\u00e9ndice 6 de la Gu\u00eda de llenado, en donde se se\u00f1alan las percepciones, deducciones y otros pagos contemplados.<\/li>\n<li>El subsidio para el empleo registrado en el recibo de n\u00f3mina no deber\u00e1 ser mayor al monto establecido por la autoridad fiscal, esto teniendo como referente la tabla del Decreto del subsidio para el empleo y las incluidas en el Anexo 8 de la Resoluci\u00f3n Miscel\u00e1nea Fiscal (RMF) vigente.<\/li>\n<\/ul>\n<p><a href=\"http:\/\/www.facturamelo.com\/blog\/elementos-de-recibo-de-nomina\/\" rel=\"noopener noreferrer\" target=\"_blank\">Quiz\u00e1 te interese leer: \u00bfCU\u00c1LES SON LOS ELEMENTOS DE UN RECIBO DE N\u00d3MINA?<\/a><\/p>\n<p>Esperamos que esta informaci\u00f3n haya sido de ayuda, le proporcionamos nuestro contacto de <strong>Whatsapp (612)1529511<\/strong> donde atendemos cualquier duda relacionada con facturaci\u00f3n electr\u00f3nica y contabilidad en menos de 5 minutos, saludos cordiales.<\/p>\n<p><a href=\"https:\/\/i0.wp.com\/www.facturamelo.com\/blog\/wp-content\/uploads\/2019\/04\/index_fact_logo_info.png\"><img data-recalc-dims=\"1\" loading=\"lazy\" decoding=\"async\" class=\"alignnone wp-image-322 size-full\" src=\"https:\/\/i0.wp.com\/www.facturamelo.com\/blog\/wp-content\/uploads\/2019\/04\/index_fact_logo_info.png?resize=400%2C202\" alt=\"\" width=\"400\" height=\"202\" srcset=\"https:\/\/i0.wp.com\/www.facturamelo.com\/blog\/wp-content\/uploads\/2019\/04\/index_fact_logo_info.png?w=400&amp;ssl=1 400w, https:\/\/i0.wp.com\/www.facturamelo.com\/blog\/wp-content\/uploads\/2019\/04\/index_fact_logo_info.png?resize=300%2C152&amp;ssl=1 300w\" sizes=\"auto, (max-width: 400px) 100vw, 400px\" \/><\/a><\/p>\n<p><b>Recuerda que dentro de tu plataforma los planes son mas caros y no recibes folios de regalo, puedes ver nuestras promociones en el siguiente link <\/b><a href=\"https:\/\/www.facturamelo.com\/planes.html\" target=\"_blank\" rel=\"noopener noreferrer\">https:\/\/www.facturamelo.com\/planes.html<\/a><\/p>\n<p><strong>S\u00cdGUENOS EN FACEBOOK<\/strong><br \/>\n<a href=\"https:\/\/www.facebook.com\/facturameloBCS\/\" target=\"_blank\" rel=\"noopener noreferrer\">https:\/\/www.facebook.com\/facturameloBCS\/<\/a><ins datetime=\"2019-09-11T18:43:12+00:00\"><\/ins><\/p>\n","protected":false},"excerpt":{"rendered":"<div class=\"mh-excerpt\"><p>A partir de este mes de febrero, los cambios hechos por el Servicio de Administraci\u00f3n Tributaria (SAT) respecto al complemento de n\u00f3mina ser\u00e1n de car\u00e1cter obligatorio, no si bien entraron en vigor de manera opcional <a class=\"mh-excerpt-more\" href=\"https:\/\/www.facturamelo.com\/blog\/recibo-de-nomina-2020\/\" title=\"C\u00f3mo hacer un RECIBO DE N\u00d3MINA 1.2 en este a\u00f1o 2020\">[&#8230;]<\/a><\/p>\n<\/div>","protected":false},"author":3,"featured_media":1093,"comment_status":"open","ping_status":"closed","sticky":false,"template":"","format":"standard","meta":{"_jetpack_memberships_contains_paid_content":false,"footnotes":""},"categories":[11,7],"tags":[429,303,201,118,430,431,175],"class_list":["post-1092","post","type-post","status-publish","format-standard","has-post-thumbnail","hentry","category-contabilidad","category-emision-cfdis-version-3-3","tag-como-hacer-un-recibo-de-nomina-1-2-en-este-ano-2020","tag-comprobantes-fiscales-la-paz-bcs","tag-contabilidad-electronica","tag-facturacion-la-paz-bcs","tag-recibo-de-nomina-1-2","tag-recibo-de-nomina-la-paz-bcs","tag-timbres-fiscales-la-paz-bcs"],"aioseo_notices":[],"jetpack_featured_media_url":"https:\/\/i0.wp.com\/www.facturamelo.com\/blog\/wp-content\/uploads\/2020\/03\/30-como-hacer-un-recibo-de-nomina-2020.png?fit=720%2C405&ssl=1","jetpack_sharing_enabled":true,"_links":{"self":[{"href":"https:\/\/www.facturamelo.com\/blog\/wp-json\/wp\/v2\/posts\/1092","targetHints":{"allow":["GET"]}}],"collection":[{"href":"https:\/\/www.facturamelo.com\/blog\/wp-json\/wp\/v2\/posts"}],"about":[{"href":"https:\/\/www.facturamelo.com\/blog\/wp-json\/wp\/v2\/types\/post"}],"author":[{"embeddable":true,"href":"https:\/\/www.facturamelo.com\/blog\/wp-json\/wp\/v2\/users\/3"}],"replies":[{"embeddable":true,"href":"https:\/\/www.facturamelo.com\/blog\/wp-json\/wp\/v2\/comments?post=1092"}],"version-history":[{"count":2,"href":"https:\/\/www.facturamelo.com\/blog\/wp-json\/wp\/v2\/posts\/1092\/revisions"}],"predecessor-version":[{"id":1098,"href":"https:\/\/www.facturamelo.com\/blog\/wp-json\/wp\/v2\/posts\/1092\/revisions\/1098"}],"wp:featuredmedia":[{"embeddable":true,"href":"https:\/\/www.facturamelo.com\/blog\/wp-json\/wp\/v2\/media\/1093"}],"wp:attachment":[{"href":"https:\/\/www.facturamelo.com\/blog\/wp-json\/wp\/v2\/media?parent=1092"}],"wp:term":[{"taxonomy":"category","embeddable":true,"href":"https:\/\/www.facturamelo.com\/blog\/wp-json\/wp\/v2\/categories?post=1092"},{"taxonomy":"post_tag","embeddable":true,"href":"https:\/\/www.facturamelo.com\/blog\/wp-json\/wp\/v2\/tags?post=1092"}],"curies":[{"name":"wp","href":"https:\/\/api.w.org\/{rel}","templated":true}]}}