{"id":1024,"date":"2020-01-10T01:47:51","date_gmt":"2020-01-10T01:47:51","guid":{"rendered":"http:\/\/www.facturamelo.com\/blog\/?p=1024"},"modified":"2020-01-11T01:50:14","modified_gmt":"2020-01-11T01:50:14","slug":"incremento-uma-2020","status":"publish","type":"post","link":"https:\/\/www.facturamelo.com\/blog\/incremento-uma-2020\/","title":{"rendered":"As\u00ed afectar\u00e1 el incremento de la UMA en este 2020"},"content":{"rendered":"<p><a href=\"https:\/\/i0.wp.com\/www.facturamelo.com\/blog\/wp-content\/uploads\/2020\/01\/12-asi-afectara-el.png\"><img data-recalc-dims=\"1\" loading=\"lazy\" decoding=\"async\" src=\"https:\/\/i0.wp.com\/www.facturamelo.com\/blog\/wp-content\/uploads\/2020\/01\/12-asi-afectara-el.png?resize=720%2C405\" alt=\"As\u00ed afectar\u00e1 el incremento de la UMA en este 2020\" width=\"720\" height=\"405\" class=\"alignnone size-full wp-image-1025\" srcset=\"https:\/\/i0.wp.com\/www.facturamelo.com\/blog\/wp-content\/uploads\/2020\/01\/12-asi-afectara-el.png?w=720&amp;ssl=1 720w, https:\/\/i0.wp.com\/www.facturamelo.com\/blog\/wp-content\/uploads\/2020\/01\/12-asi-afectara-el.png?resize=300%2C169&amp;ssl=1 300w, https:\/\/i0.wp.com\/www.facturamelo.com\/blog\/wp-content\/uploads\/2020\/01\/12-asi-afectara-el.png?resize=678%2C381&amp;ssl=1 678w\" sizes=\"auto, (max-width: 720px) 100vw, 720px\" \/><\/a><\/p>\n<p>La unidad de medida y actualizaci\u00f3n (UMA) tendr\u00e1 a partir del pr\u00f3ximo mes de febrero una subida del 2.83 por ciento respecto al monto del a\u00f1o anterior, quedando en 86.88 pesos de valor diario; esto seg\u00fan lo dispuesto por el Instituto Nacional de Estad\u00edstica y Geograf\u00eda (INEGI), organismo encargado de la estimaci\u00f3n de este par\u00e1metro.<\/p>\n<p>Esta medida, que vino a sustituir desde 2016 el esquema de veces salario m\u00ednimo (VSM) con el que se calculaban las sumas de los pagos de obligaciones y supuestos previstos en las leyes federales y estatales, tiene como prop\u00f3sito mitigar el impacto inflacionario anual en el sueldo de los trabajadores, evitando que con el aumento de \u00e9ste suban al mismo ritmo las cantidades que cubrir para cumplir con deberes fiscales, penales, crediticios, etc\u00e9tera.<\/p>\n<h2>\u00bfC\u00f3mo repercute el alza de la UMA en los bolsillos de los mexicanos?<\/h2>\n<p>Como hemos mencionado, con la implementaci\u00f3n de este valor lo que se busca es s\u00f3lo establecer una medida fija para los diversos pagos que se hacen hacia organismos gubernamentales y lograr que, a\u00fan con el incremento del salario m\u00ednimo, estos deberes no crezcan en demas\u00eda.<\/p>\n<p>Para explicar mejor esto, tomemos como referencia el salario m\u00ednimo para este 2020, el cual se agrandar\u00e1 en un 20 por ciento y alcanzar\u00e1 un monto fijo de 123.22 pesos diarios, cifra que superar\u00e1 por 36.34 pesos el valor de la UMA.<\/p>\n<p>Esto significa que las multas y recargos expresados en esta \u00faltima unidad subir\u00e1n, al igual que ella, tan s\u00f3lo un 2.83% y no ya el porcentaje que beneficiar\u00e1 al salario m\u00ednimo.<\/p>\n<p>Por ejemplo, en el caso de los cr\u00e9ditos hipotecarios otorgados por el Instituto del Fondo Nacional de la Vivienda para los Trabajadores (Infonavit), el aumento salarial no afectar\u00e1 las tasas de inter\u00e9s, pues \u00e9stas se ajustar\u00e1n al crecimiento del valor de la UMA, incluso para los contratos adquiridos antes de la implementaci\u00f3n de este par\u00e1metro, pues desde el a\u00f1o pasado dicho organismo normaliz\u00f3 alrededor de 147.5 mil de ellos que antes estaban sujetos a pagos expresados en VSM.<\/p>\n<p>Entre los pagos que ser\u00e1n m\u00e1s altos en relaci\u00f3n con el incremento de la UMA se encuentran los siguientes:<\/p>\n<ul>\n<li>Cr\u00e9ditos hipotecarios.<\/li>\n<li>Prestaciones calculadas en VSM.<\/li>\n<li>Multas de tr\u00e1nsito.<\/li>\n<li>Sanciones administrativas y penales.<\/li>\n<li>Tr\u00e1mites gubernamentales.<\/li>\n<\/ul>\n<p>Esperamos que esta informaci\u00f3n haya sido de ayuda, le proporcionamos nuestro contacto de <strong>Whatsapp (612)1529511<\/strong> donde atendemos cualquier duda relacionada con facturaci\u00f3n electr\u00f3nica y contabilidad en menos de 5 minutos, saludos cordiales.<\/p>\n<p><a href=\"https:\/\/i0.wp.com\/www.facturamelo.com\/blog\/wp-content\/uploads\/2019\/04\/index_fact_logo_info.png\"><img data-recalc-dims=\"1\" loading=\"lazy\" decoding=\"async\" class=\"alignnone wp-image-322 size-full\" src=\"https:\/\/i0.wp.com\/www.facturamelo.com\/blog\/wp-content\/uploads\/2019\/04\/index_fact_logo_info.png?resize=400%2C202\" alt=\"\" width=\"400\" height=\"202\" srcset=\"https:\/\/i0.wp.com\/www.facturamelo.com\/blog\/wp-content\/uploads\/2019\/04\/index_fact_logo_info.png?w=400&amp;ssl=1 400w, https:\/\/i0.wp.com\/www.facturamelo.com\/blog\/wp-content\/uploads\/2019\/04\/index_fact_logo_info.png?resize=300%2C152&amp;ssl=1 300w\" sizes=\"auto, (max-width: 400px) 100vw, 400px\" \/><\/a><\/p>\n<p><b>Recuerda que dentro de tu plataforma los planes son mas caros y no recibes folios de regalo, puedes ver nuestras promociones en el siguiente link <\/b><a href=\"https:\/\/www.facturamelo.com\/planes.html\" target=\"_blank\" rel=\"noopener noreferrer\">https:\/\/www.facturamelo.com\/planes.html<\/a><\/p>\n<p><strong>S\u00cdGUENOS EN FACEBOOK<\/strong><br \/>\n<a href=\"https:\/\/www.facebook.com\/facturameloBCS\/\" target=\"_blank\" rel=\"noopener noreferrer\">https:\/\/www.facebook.com\/facturameloBCS\/<\/a><ins datetime=\"2019-09-11T18:43:12+00:00\"><\/ins><\/p>\n","protected":false},"excerpt":{"rendered":"<div class=\"mh-excerpt\"><p>La unidad de medida y actualizaci\u00f3n (UMA) tendr\u00e1 a partir del pr\u00f3ximo mes de febrero una subida del 2.83 por ciento respecto al monto del a\u00f1o anterior, quedando en 86.88 pesos de valor diario; esto <a class=\"mh-excerpt-more\" href=\"https:\/\/www.facturamelo.com\/blog\/incremento-uma-2020\/\" title=\"As\u00ed afectar\u00e1 el incremento de la UMA en este 2020\">[&#8230;]<\/a><\/p>\n<\/div>","protected":false},"author":3,"featured_media":1025,"comment_status":"open","ping_status":"closed","sticky":false,"template":"","format":"standard","meta":{"_jetpack_memberships_contains_paid_content":false,"footnotes":""},"categories":[11],"tags":[367,322,332,336,274,368],"class_list":["post-1024","post","type-post","status-publish","format-standard","has-post-thumbnail","hentry","category-contabilidad","tag-asi-afectara-el-incremento-de-la-uma-en-este-2020","tag-como-emitir-recibos-de-nomina","tag-comprobantes-fiscales-la-paz","tag-contabilidad-elctronica-la-paz","tag-timbres-fiscales-a-buen-precio","tag-venta-de-facturas-la-paz"],"aioseo_notices":[],"jetpack_featured_media_url":"https:\/\/i0.wp.com\/www.facturamelo.com\/blog\/wp-content\/uploads\/2020\/01\/12-asi-afectara-el.png?fit=720%2C405&ssl=1","jetpack_sharing_enabled":true,"_links":{"self":[{"href":"https:\/\/www.facturamelo.com\/blog\/wp-json\/wp\/v2\/posts\/1024","targetHints":{"allow":["GET"]}}],"collection":[{"href":"https:\/\/www.facturamelo.com\/blog\/wp-json\/wp\/v2\/posts"}],"about":[{"href":"https:\/\/www.facturamelo.com\/blog\/wp-json\/wp\/v2\/types\/post"}],"author":[{"embeddable":true,"href":"https:\/\/www.facturamelo.com\/blog\/wp-json\/wp\/v2\/users\/3"}],"replies":[{"embeddable":true,"href":"https:\/\/www.facturamelo.com\/blog\/wp-json\/wp\/v2\/comments?post=1024"}],"version-history":[{"count":2,"href":"https:\/\/www.facturamelo.com\/blog\/wp-json\/wp\/v2\/posts\/1024\/revisions"}],"predecessor-version":[{"id":1027,"href":"https:\/\/www.facturamelo.com\/blog\/wp-json\/wp\/v2\/posts\/1024\/revisions\/1027"}],"wp:featuredmedia":[{"embeddable":true,"href":"https:\/\/www.facturamelo.com\/blog\/wp-json\/wp\/v2\/media\/1025"}],"wp:attachment":[{"href":"https:\/\/www.facturamelo.com\/blog\/wp-json\/wp\/v2\/media?parent=1024"}],"wp:term":[{"taxonomy":"category","embeddable":true,"href":"https:\/\/www.facturamelo.com\/blog\/wp-json\/wp\/v2\/categories?post=1024"},{"taxonomy":"post_tag","embeddable":true,"href":"https:\/\/www.facturamelo.com\/blog\/wp-json\/wp\/v2\/tags?post=1024"}],"curies":[{"name":"wp","href":"https:\/\/api.w.org\/{rel}","templated":true}]}}